{"id":172,"date":"2025-09-12T03:03:36","date_gmt":"2025-09-12T03:03:36","guid":{"rendered":"https:\/\/glc-avocat.fr\/?p=172"},"modified":"2026-04-17T14:48:39","modified_gmt":"2026-04-17T14:48:39","slug":"procedure-divorce-contentieux","status":"publish","type":"post","link":"https:\/\/glc-avocat.fr\/index.php\/2025\/09\/12\/procedure-divorce-contentieux\/","title":{"rendered":"Divorce contentieux \u00e0 Nantes: proc\u00e9dure et d\u00e9lais"},"content":{"rendered":"\n<h1 class=\"wp-block-heading has-text-align-center has-primary-color has-text-color has-link-color wp-elements-b4d4d2700f93aecec9dab6a3bd68d612\" style=\"border-width:2px;font-size:38px\">Divorce contentieux \u00e0 Nantes: proc\u00e9dure et d\u00e9lais<\/h1>\n\n\n\n<figure class=\"wp-block-image aligncenter size-large is-resized\"><img fetchpriority=\"high\" decoding=\"async\" width=\"1024\" height=\"683\" src=\"https:\/\/glc-avocat.fr\/wp-content\/uploads\/2025\/09\/Divorce-et-justice-sur-bois-1024x683.png\" alt=\"Divorce ; Proc\u00e9dure de divorce\" class=\"wp-image-174\" style=\"width:639px;height:auto\" srcset=\"https:\/\/glc-avocat.fr\/wp-content\/uploads\/2025\/09\/Divorce-et-justice-sur-bois-1024x683.png 1024w, https:\/\/glc-avocat.fr\/wp-content\/uploads\/2025\/09\/Divorce-et-justice-sur-bois-300x200.png 300w, https:\/\/glc-avocat.fr\/wp-content\/uploads\/2025\/09\/Divorce-et-justice-sur-bois-768x512.png 768w, https:\/\/glc-avocat.fr\/wp-content\/uploads\/2025\/09\/Divorce-et-justice-sur-bois-600x400.png 600w, https:\/\/glc-avocat.fr\/wp-content\/uploads\/2025\/09\/Divorce-et-justice-sur-bois.png 1536w\" sizes=\"(max-width: 1024px) 100vw, 1024px\" \/><\/figure>\n\n\n\n<p><mark style=\"background-color:rgba(0, 0, 0, 0)\" class=\"has-inline-color has-base-color\">Lorsqu\u2019un couple d\u00e9cide de se s\u00e9parer, il n\u2019est pas toujours possible d\u2019opter pour un divorce par consentement mutuel. En cas de d\u00e9saccord, le recours au juge devient n\u00e9cessaire : on parle alors de <strong>divorce contentieux<\/strong>.<\/mark><\/p>\n\n\n\n<p><mark style=\"background-color:rgba(0, 0, 0, 0)\" class=\"has-inline-color has-base-color\">En tant qu\u2019<strong>avocate au Barreau de Nantes intervenant en droit de la famille<\/strong>, <strong>Ma\u00eetre COULIBALY <\/strong>vous accompagne \u00e0 chaque \u00e9tape pour d\u00e9fendre vos int\u00e9r\u00eats et s\u00e9curiser votre situation personnelle et patrimoniale.<\/mark><\/p>\n\n\n\n<h2 class=\"wp-block-heading has-primary-color has-text-color has-link-color wp-elements-e6ed6d9e7da1d076d07380e68c12fc1e\"><strong><mark style=\"background-color:rgba(0, 0, 0, 0)\" class=\"has-inline-color has-base-color\">I\/ Sur quels fondements peut-on demander un divorce contentieux ?<\/mark><\/strong><\/h2>\n\n\n\n<div class=\"wp-block-group has-global-padding is-content-justification-left is-layout-constrained wp-container-core-group-is-layout-12dd3699 wp-block-group-is-layout-constrained\">\n<h3 class=\"wp-block-heading has-base-color has-text-color has-link-color wp-elements-af174a4f5976767be2427cc5004ad980\"><strong>Le divorce pour faute<\/strong>&nbsp;<\/h3>\n\n\n\n<p>Lorsque l\u2019un des \u00e9poux reproche \u00e0 l\u2019autre un manquement grave aux obligations du mariage (violence, infid\u00e9lit\u00e9, abandon\u2026).<\/p>\n\n\n\n<h3 class=\"wp-block-heading has-base-color has-text-color has-link-color wp-elements-a6651e2146df1caf9d15c2d904aac4c0\" id=\"e1p2l156\">Le divorce pour alt\u00e9ration d\u00e9finitive du lien conjugal<\/h3>\n\n\n\n<p id=\"e1p2l156\">Lorsque la vie commune a cess\u00e9 depuis au moins un an.<\/p>\n\n\n\n<h3 class=\"wp-block-heading has-base-color has-text-color has-link-color wp-elements-b2fa874e7e0f081dc6bcfc64f32b1ec9\" id=\"c25pg160\"><strong>Le divorce pour acceptation du principe de la rupture<\/strong>&nbsp;<\/h3>\n\n\n\n<p id=\"c25pg160\">Lorsque les deux \u00e9poux reconnaissent que le mariage est termin\u00e9, mais ne trouvent pas d\u2019accord sur ses cons\u00e9quences : <\/p>\n\n\n\n<p>-partage des biens <\/p>\n\n\n\n<p>-garde des enfants <\/p>\n\n\n\n<p>-pension alimentaire<\/p>\n\n\n\n<p id=\"7intq163\">\ud83d\udc49 Chaque type de divorce fera l\u2019objet d\u2019un article d\u00e9taill\u00e9 afin d\u2019en pr\u00e9ciser les contours et conditions. Pour comprendre le divorce pour alt\u00e9ration d\u00e9finitive du lien conjugal, cliquez sur ce lien : <a href=\"https:\/\/glc-avocat.fr\/index.php\/2025\/09\/12\/le-divorce-pour-alteration-definitive-du-lien-conjugal-avocat-droit-de-la-famille-nantes\/\">https:\/\/glc-avocat.fr\/index.php\/2025\/09\/12\/le-divorce-pour-alteration-definitive-du-lien-conjugal-avocat-droit-de-la-famille-nantes\/<\/a><\/p>\n<\/div>\n\n\n\n<h2 class=\"wp-block-heading has-base-color has-text-color has-link-color wp-elements-22493a98d1902a6cd163eb65a9fe77d5\">II\/<strong><mark style=\"background-color:rgba(0, 0, 0, 0)\" class=\"has-inline-color has-base-color\">Comment se d\u00e9roule la proc\u00e9dure de divorce contentieux ?<\/mark><\/strong><\/h2>\n\n\n\n<h3 class=\"wp-block-heading has-base-color has-text-color has-link-color wp-elements-c14fe7c116be291e977b435b08da11f8\">A\/L\u2019assignation en divorce<\/h3>\n\n\n\n<p>La demande de divorce est introduite par une <strong>assignation r\u00e9dig\u00e9e par votre avocat<\/strong>&nbsp;<strong>\u00e0 Nantes<\/strong>, puis signifi\u00e9e \u00e0 la partie adverse par commissaire de justice.<\/p>\n\n\n\n<p>Elle pr\u00e9cise notamment : <\/p>\n\n\n\n<p>-Les demandes (garde, pension, logement, prestation compensatoire)<\/p>\n\n\n\n<p>-Les arguments et fondements juridiques<\/p>\n\n\n\n<h2 class=\"wp-block-heading has-base-color has-text-color has-link-color wp-elements-c44ca22f2d5dba16de93c3ed068c17b4\">B\/L&rsquo;audience d&rsquo;orientation et de mesures provisoires<\/h2>\n\n\n\n<p id=\"a5qez323\">L\u2019assignation fixe la date de la <strong>premi\u00e8re audience<\/strong>.<\/p>\n\n\n\n<p id=\"zcf9k2031\">\u00c0 ce stade, le divorce n\u2019est pas encore prononc\u00e9 : le juge rend une <strong>ordonnance de mesures provisoires<\/strong>, essentielle pour organiser la vie de la famille pendant la proc\u00e9dure.<\/p>\n\n\n\n<p id=\"jrffb329\">Ces mesures concernent notamment :<\/p>\n\n\n\n<figure class=\"wp-block-table\"><table class=\"has-fixed-layout\"><tbody><tr><td class=\"has-text-align-left\" data-align=\"left\">La jouissance du domicile conjugal <br><br> Le devoir de secours entre \u00e9poux <br><br> L&rsquo;autorit\u00e9 parentale et la r\u00e9sidence des enfants <br><br> Le droit de visite et d&rsquo;h\u00e9bergement <br><br> Le montant de la pension alimentaire<\/td><\/tr><\/tbody><\/table><\/figure>\n\n\n\n<h3 class=\"wp-block-heading has-base-color has-text-color has-link-color wp-elements-2d075b3ac732bed3a026a31ba6fc6970\">C\/ La proc\u00e9dure sur le fond du divorce<\/h3>\n\n\n\n<p id=\"z22il349\">Une fois cette ordonnance rendue, les avocats \u00e9changent leurs conclusions et pi\u00e8ces. Le juge fixe un calendrier proc\u00e9dural et une date d\u2019audience au terme de laquelle sera rendu le <strong>jugement de divorce<\/strong>.<\/p>\n\n\n\n<p id=\"mgkye353\">\u23f3 La dur\u00e9e d\u2019une proc\u00e9dure de divorce devant le juge varie selon la complexit\u00e9 du dossier et la coop\u00e9ration des parties. D\u2019o\u00f9 l\u2019importance d\u2019\u00eatre bien conseill\u00e9 et accompagn\u00e9.<\/p>\n\n\n\n<h2 class=\"wp-block-heading has-base-color has-text-color has-link-color wp-elements-72324a61a54f2fca48053babe2239685\">III\/ Pourquoi faire appel \u00e0 un avocat en droit de la famille \u00e0 Nantes ?<\/h2>\n\n\n\n<p>Faire appel \u00e0 un <strong>avocat en droit de la famille \u00e0 Nantes<\/strong> permet de :<\/p>\n\n\n\n<p>-d\u00e9fendre vos droits efficacement<\/p>\n\n\n\n<p>-s\u00e9curiser la garde des enfants et la pension alimentaire<\/p>\n\n\n\n<p>-\u00e9viter les erreurs de proc\u00e9dure<\/p>\n\n\n\n<p>-optimiser les d\u00e9lais<\/p>\n\n\n\n<p>D\u00e8s les premiers \u00e9changes, <strong>Ma\u00eetre COULIBALY, Avocate en droit des personnes et de la famille au Barreau de Nantes<\/strong>, identifie les \u00e9l\u00e9ments cl\u00e9s pour d\u00e9fendre vos droits et pr\u00e9server vos int\u00e9r\u00eats. Elle vous accompagne \u00e9galement si vous \u00eates \u00e9ligible \u00e0 l\u2019<strong>aide juridictionnelle<\/strong>.<\/p>\n\n\n\n<hr class=\"wp-block-separator has-alpha-channel-opacity\"\/>\n\n\n\n<p id=\"bv5o0365\">Vous envisagez un divorce ou vous souhaitez simplement mieux comprendre vos droits ?<\/p>\n\n\n\n<figure class=\"wp-block-embed is-type-wp-embed is-provider-gbema-le-la-coulibaly wp-block-embed-gbema-le-la-coulibaly\"><div class=\"wp-block-embed__wrapper\">\n<blockquote class=\"wp-embedded-content\" data-secret=\"shSXj2nGyu\"><a href=\"https:\/\/glc-avocat.fr\/index.php\/reserver-une-consultation\/\">R\u00e9server une consultation<\/a><\/blockquote><iframe class=\"wp-embedded-content\" sandbox=\"allow-scripts\" security=\"restricted\" style=\"position: absolute; visibility: hidden;\" title=\"\u00ab\u00a0R\u00e9server une consultation\u00a0\u00bb &#8212; Gbema Le\u00efla COULIBALY\" src=\"https:\/\/glc-avocat.fr\/index.php\/reserver-une-consultation\/embed\/#?secret=kq6Q3RPxfF#?secret=shSXj2nGyu\" data-secret=\"shSXj2nGyu\" width=\"500\" height=\"282\" frameborder=\"0\" marginwidth=\"0\" marginheight=\"0\" scrolling=\"no\"><\/iframe>\n<\/div><\/figure>\n\n\n\n<hr class=\"wp-block-separator has-alpha-channel-opacity\"\/>\n\n\n\n<h2 class=\"wp-block-heading has-text-align-center has-base-color has-text-color has-link-color wp-elements-25321f96689fde732ba04320ecf1169a\">FAQ droit de la famille- divorce contentieux \u00e0 Nantes<\/h2>\n\n\n\n<h3 class=\"wp-block-heading has-base-color has-text-color has-link-color wp-elements-6710baffb749b54bf2ae47d97032f5d4\">Combien de temps dure un divorce contentieux ?<\/h3>\n\n\n\n<p>La proc\u00e9dure dure g\u00e9n\u00e9ralement <strong>12 \u00e0 24 mois<\/strong>, selon :<\/p>\n\n\n\n<p>-la complexit\u00e9 du dossier<\/p>\n\n\n\n<p>-Le niveau de d\u00e9saccord entre les \u00e9poux<\/p>\n\n\n\n<h3 class=\"wp-block-heading has-base-color has-text-color has-link-color wp-elements-acc7069aedb09edf1d42d6fd0ffb1b29\">L\u2019avocat est-il obligatoire ?<\/h3>\n\n\n\n<p>Oui. Chaque \u00e9poux doit \u00eatre repr\u00e9sent\u00e9 par un avocat dans un divorce contentieux.<\/p>\n\n\n\n<h3 class=\"wp-block-heading has-base-color has-text-color has-link-color wp-elements-34d703a501aa1a18cbd53f50e89ace9c\">Qui d\u00e9cide de la garde des enfants ?<\/h3>\n\n\n\n<p>Le juge aux affaires familiales d\u00e9cide en fonction de <strong>l\u2019int\u00e9r\u00eat de l\u2019enfant<\/strong>.<\/p>\n\n\n\n<h3 class=\"wp-block-heading has-base-color has-text-color has-link-color wp-elements-6828fcfd1ca05839d5b98f9e377a8384\">Peut-on rester dans le domicile conjugal ?<\/h3>\n\n\n\n<p>Oui. Le juge peut attribuer le logement \u00e0 l\u2019un des \u00e9poux \u00e0 titre provisoire.<\/p>\n\n\n\n<h3 class=\"wp-block-heading has-base-color has-text-color has-link-color wp-elements-eac991ff6931b7e072afedbc9272fb8a\">Combien co\u00fbte un divorce contentieux \u00e0 Nantes ?<\/h3>\n\n\n\n<p>Chaque Avocat est libre de ses honoraires, lesquels varient en fonction de la complexit\u00e9 du dossier. <\/p>\n\n\n\n<hr class=\"wp-block-separator has-alpha-channel-opacity\"\/>\n\n\n\n<p><strong>Ces articles peuvent \u00e9galement vous int\u00e9resser : <\/strong><\/p>\n\n\n\n<p>Les diff\u00e9rents types de divorce : <a href=\"https:\/\/glc-avocat.fr\/index.php\/blog-la-minute-juridique\/\" data-type=\"link\" data-id=\"https:\/\/glc-avocat.fr\/index.php\/blog-la-minute-juridique\/\">https:\/\/glc-avocat.fr\/index.php\/blog-la-minute-juridique\/<\/a><\/p>\n\n\n\n<p>-La d\u00e9termination de la r\u00e9sidence habituelle des enfants : <a href=\"https:\/\/glc-avocat.fr\/index.php\/2025\/11\/29\/quels-criteres-sont-pris-en-compte-par-le-juge-pour-fixer-la-residence-habituelle-des-enfants\/\">https:\/\/glc-avocat.fr\/index.php\/2025\/11\/29\/quels-criteres-sont-pris-en-compte-par-le-juge-pour-fixer-la-residence-habituelle-des-enfants\/<\/a><\/p>\n\n\n\n<p>-La fixation du montant de la pension alimentaire : <a href=\"https:\/\/glc-avocat.fr\/index.php\/2025\/09\/15\/pension-alimentaire\/\">https:\/\/glc-avocat.fr\/index.php\/2025\/09\/15\/pension-alimentaire\/<\/a><\/p>\n\n\n\n<p>-La d\u00e9termination du montant de la prestation compensatoire en cas de divorce : <a href=\"https:\/\/glc-avocat.fr\/index.php\/2025\/10\/13\/la-prestation-compensatoire\/\">https:\/\/glc-avocat.fr\/index.php\/2025\/10\/13\/la-prestation-compensatoire\/<\/a><\/p>\n\n\n\n<p><strong>Sources<\/strong> : <a href=\"https:\/\/www.legifrance.gouv.fr\/codes\/texte_lc\/LEGITEXT000006070721\/2025-08-10\/\" data-type=\"link\" data-id=\"https:\/\/www.legifrance.gouv.fr\/codes\/texte_lc\/LEGITEXT000006070721\/2025-08-10\/\" target=\"_blank\" rel=\"noopener\">https:\/\/www.legifrance.gouv.fr\/codes\/texte_lc\/LEGITEXT000006070721\/2025-08-10\/<\/a><\/p>\n\n\n\n<hr class=\"wp-block-separator has-alpha-channel-opacity\"\/>\n\n\n\n<p><strong>Nous trouver <\/strong><\/p>\n\n\n\n<iframe src=\"https:\/\/www.google.com\/maps\/embed?pb=!1m18!1m12!1m3!1d2710.3351126245643!2d-1.561584723224302!3d47.21002491527826!2m3!1f0!2f0!3f0!3m2!1i1024!2i768!4f13.1!3m3!1m2!1s0x4805efbb2552c793%3A0xce2e1f19cf6d8ba7!2sGbema%20Le%C3%AFla%20COULIBALY%20%7C%20Avocate%20(droit%20de%20la%20famille%2C%20droit%20des%20mineurs)!5e0!3m2!1sfr!2sfr!4v1776437019493!5m2!1sfr!2sfr\" width=\"600\" height=\"450\" style=\"border:0;\" allowfullscreen=\"\" loading=\"lazy\" referrerpolicy=\"no-referrer-when-downgrade\"><\/iframe>\n","protected":false},"excerpt":{"rendered":"<p>Divorce contentieux \u00e0 Nantes: proc\u00e9dure et d\u00e9lais Lorsqu\u2019un couple d\u00e9cide de se s\u00e9parer, il n\u2019est pas toujours possible d\u2019opter pour un divorce par consentement mutuel. En cas de d\u00e9saccord, le recours au juge devient n\u00e9cessaire : on parle alors de divorce contentieux. En tant qu\u2019avocate au Barreau de Nantes intervenant en droit de la famille, [&hellip;]<\/p>\n","protected":false},"author":1,"featured_media":0,"comment_status":"closed","ping_status":"open","sticky":false,"template":"","format":"standard","meta":{"footnotes":""},"categories":[25],"tags":[68,31,95,100,98,101,99,96,97,102],"class_list":["post-172","post","type-post","status-publish","format-standard","hentry","category-famille","tag-avocat-divorce-nantes","tag-avocat-droit-de-la-famille-nantes","tag-divorce-contentieux-nantes","tag-divorce-juge-nantes","tag-garde-enfant-divorce-nantes","tag-maitre-gbema-leila-coulibaly","tag-pension-alimentaire-nantes","tag-prix-divorce-nantes","tag-procedure-divorce-nantes","tag-saisir-jaf-nantes"],"_links":{"self":[{"href":"https:\/\/glc-avocat.fr\/index.php\/wp-json\/wp\/v2\/posts\/172","targetHints":{"allow":["GET"]}}],"collection":[{"href":"https:\/\/glc-avocat.fr\/index.php\/wp-json\/wp\/v2\/posts"}],"about":[{"href":"https:\/\/glc-avocat.fr\/index.php\/wp-json\/wp\/v2\/types\/post"}],"author":[{"embeddable":true,"href":"https:\/\/glc-avocat.fr\/index.php\/wp-json\/wp\/v2\/users\/1"}],"replies":[{"embeddable":true,"href":"https:\/\/glc-avocat.fr\/index.php\/wp-json\/wp\/v2\/comments?post=172"}],"version-history":[{"count":18,"href":"https:\/\/glc-avocat.fr\/index.php\/wp-json\/wp\/v2\/posts\/172\/revisions"}],"predecessor-version":[{"id":607,"href":"https:\/\/glc-avocat.fr\/index.php\/wp-json\/wp\/v2\/posts\/172\/revisions\/607"}],"wp:attachment":[{"href":"https:\/\/glc-avocat.fr\/index.php\/wp-json\/wp\/v2\/media?parent=172"}],"wp:term":[{"taxonomy":"category","embeddable":true,"href":"https:\/\/glc-avocat.fr\/index.php\/wp-json\/wp\/v2\/categories?post=172"},{"taxonomy":"post_tag","embeddable":true,"href":"https:\/\/glc-avocat.fr\/index.php\/wp-json\/wp\/v2\/tags?post=172"}],"curies":[{"name":"wp","href":"https:\/\/api.w.org\/{rel}","templated":true}]}}