{"id":183,"date":"2025-09-12T18:09:29","date_gmt":"2025-09-12T18:09:29","guid":{"rendered":"https:\/\/glc-avocat.fr\/?p=183"},"modified":"2025-11-29T15:14:55","modified_gmt":"2025-11-29T15:14:55","slug":"divorce-pour-alteration-definitive-du-lien-conjugal","status":"publish","type":"post","link":"https:\/\/glc-avocat.fr\/index.php\/2025\/09\/12\/divorce-pour-alteration-definitive-du-lien-conjugal\/","title":{"rendered":"Le divorce pour alt\u00e9ration d\u00e9finitive du lien conjugal"},"content":{"rendered":"\n<h1 class=\"wp-block-heading\" style=\"border-width:2px;font-size:42px\">Le divorce pour alt\u00e9ration d\u00e9finitive du lien conjugal : ce qu&rsquo;il faut savoir<\/h1>\n\n\n\n<p><\/p>\n\n\n\n<figure class=\"wp-block-image aligncenter size-large is-resized\"><img fetchpriority=\"high\" decoding=\"async\" width=\"1024\" height=\"683\" src=\"https:\/\/glc-avocat.fr\/wp-content\/uploads\/2025\/09\/Divorce-et-justice-sur-bois-1024x683.png\" alt=\"Divorce pour alt\u00e9ration d\u00e9finitive du lien conjugal - droit de la famille-Nantes\" class=\"wp-image-174\" style=\"width:751px;height:auto\" srcset=\"https:\/\/glc-avocat.fr\/wp-content\/uploads\/2025\/09\/Divorce-et-justice-sur-bois-1024x683.png 1024w, https:\/\/glc-avocat.fr\/wp-content\/uploads\/2025\/09\/Divorce-et-justice-sur-bois-300x200.png 300w, https:\/\/glc-avocat.fr\/wp-content\/uploads\/2025\/09\/Divorce-et-justice-sur-bois-768x512.png 768w, https:\/\/glc-avocat.fr\/wp-content\/uploads\/2025\/09\/Divorce-et-justice-sur-bois-600x400.png 600w, https:\/\/glc-avocat.fr\/wp-content\/uploads\/2025\/09\/Divorce-et-justice-sur-bois.png 1536w\" sizes=\"(max-width: 1024px) 100vw, 1024px\" \/><\/figure>\n\n\n\n<h3 class=\"wp-block-heading .texte-justifie { text-align: justify; }\" style=\"font-size:24px\"><mark style=\"background-color:rgba(0, 0, 0, 0)\" class=\"has-inline-color has-base-color\"><strong>Avocate au Barreau de Nantes intervenant en droit de la famille<\/strong>, Ma\u00eetre COULIBALY vous explique ses conditions et cons\u00e9quences.<\/mark><\/h3>\n\n\n\n<p><\/p>\n\n\n\n<h2 class=\"wp-block-heading\" style=\"font-size:39px\"><mark style=\"background-color:rgba(0, 0, 0, 0)\" class=\"has-inline-color has-base-color\">Qu&rsquo;est-ce que l&rsquo;alt\u00e9ration d\u00e9finitive du lien conjugal ?<\/mark><\/h2>\n\n\n\n<p>Ce fondement de divorce repose sur une id\u00e9e simple : lorsque le mariage est rompu de fait et que les \u00e9poux ne vivent plus ensemble, le lien conjugal est consid\u00e9r\u00e9 comme d\u00e9finitivement alt\u00e9r\u00e9.<\/p>\n\n\n\n<p>Les conditions l\u00e9gales \u00e0 respecter :<\/p>\n\n\n\n<figure class=\"wp-block-table\"><table class=\"has-fixed-layout\"><tbody><tr><td><strong>Cessation de la vie commune : <\/strong>il faut d\u00e9montrer que les \u00e9poux ne vivent plus sous le m\u00eame toit et qu\u2019ils n\u2019ont plus de vie de couple.<br><br><strong>Dur\u00e9e minimale de s\u00e9paration : <\/strong>la rupture doit avoir dur\u00e9 <strong>au moins un an<\/strong>&nbsp;au moment de l\u2019assignation en divorce ou au moment o\u00f9 le juge statue.<br><\/td><\/tr><\/tbody><\/table><\/figure>\n\n\n\n<h2 class=\"wp-block-heading\" style=\"font-size:39px\"><mark style=\"background-color:rgba(0, 0, 0, 0)\" class=\"has-inline-color has-base-color\">Les cons\u00e9quences d&rsquo;un divorce pour alt\u00e9ration d\u00e9finitive du lien conjugal<\/mark><\/h2>\n\n\n\n<p><br>Le juge doit r\u00e9gler plusieurs points essentiels pour les \u00e9poux et, le cas \u00e9ch\u00e9ant, pour leurs enfants :<\/p>\n\n\n\n<figure class=\"wp-block-table\"><table class=\"has-fixed-layout\"><tbody><tr><td><strong>La liquidation du r\u00e9gime matrimonial : <\/strong>partage des biens selon le r\u00e9gime choisi (communaut\u00e9, s\u00e9paration de biens\u2026).<br><br><strong>La date d&rsquo;effets du divorce : <\/strong>qui marque la fin officielle des obligations entre \u00e9poux.<br><br><strong>La prestation compensatoire :<\/strong> somme destin\u00e9e \u00e0 compenser le d\u00e9s\u00e9quilibre la disparit\u00e9 que la rupture du mariage cr\u00e9e dans les conditions de vie respectives.<br><strong><br>Les mesures relatives aux enfants :<\/strong> autorit\u00e9 parentale, r\u00e9sidence habituelle, droits de visite, pension alimentaire.<\/td><\/tr><\/tbody><\/table><\/figure>\n\n\n\n<p>\ud83d\udc49 Pour conna\u00eetre les \u00e9tapes de la proc\u00e9dure de divorce, cliquez sur ce lien : <a href=\"https:\/\/glc-avocat.fr\/index.php\/2025\/09\/12\/la-procedure-de-divorce-droit-de-la-famille-nantes\/\">https:\/\/glc-avocat.fr\/index.php\/2025\/09\/12\/la-procedure-de-divorce-droit-de-la-famille-nantes\/<\/a><\/p>\n\n\n\n<h2 class=\"wp-block-heading\" style=\"font-size:39px\"><mark style=\"background-color:rgba(0, 0, 0, 0)\" class=\"has-inline-color has-base-color\">Pourquoi se faire accompagner par un Avocat ? <\/mark><\/h2>\n\n\n\n<p><\/p>\n\n\n\n<p id=\"3ghi8465\">Derri\u00e8re chaque proc\u00e9dure, il y a une histoire personnelle. Un divorce, m\u00eame fond\u00e9 sur l\u2019alt\u00e9ration d\u00e9finitive du lien conjugal, reste une \u00e9tape marquante.<\/p>\n\n\n\n<p id=\"l5apy467\"><strong>Ma\u00eetre COULIBALY, Avocate au Barreau de Nantes intervenant en droit de la famille<\/strong>, vous propose un accompagnement bas\u00e9 sur l&rsquo;\u00e9coute et <strong>la bienveillance, une analyse juridique pr\u00e9cise, ainsi qu&rsquo;une r\u00e9activit\u00e9 \u00e0 toutes les \u00e9tapes de la proc\u00e9dure. <\/strong><\/p>\n\n\n\n<p>Elle vous accompagne \u00e9galement si vous \u00eates \u00e9ligible \u00e0 l\u2019<strong>aide juridictionnelle<\/strong>.<\/p>\n\n\n\n<hr class=\"wp-block-separator has-alpha-channel-opacity\"\/>\n\n\n\n<h2 class=\"wp-block-heading\" style=\"font-size:39px\"><mark style=\"background-color:rgba(0, 0, 0, 0)\" class=\"has-inline-color has-base-color\">R\u00e9servez votre consultation juridique<\/mark><\/h2>\n\n\n\n<p id=\"1vaxh4330\">Vous envisagez un divorce ou vous souhaitez simplement mieux comprendre vos droits ?<\/p>\n\n\n\n<p id=\"nqsnq4537\">\ud83d\udccd Prenez rendez-vous d\u00e8s maintenant avec <strong>Ma\u00eetre COULIBALY, avocate en droit de la famille \u00e0 Nantes<\/strong>, pour un <strong>accompagnement personnalis\u00e9<\/strong>&nbsp;et des r\u00e9ponses claires adapt\u00e9es \u00e0 votre situation.<\/p>\n\n\n\n<!-- Calendly inline widget begin -->\n<div class=\"calendly-inline-widget\" data-url=\"https:\/\/calendly.com\/leilacoulibaly01\/consultation-juridique-45-min\" style=\"min-width:320px;height:700px;\"><\/div>\n<script type=\"text\/javascript\" src=\"https:\/\/assets.calendly.com\/assets\/external\/widget.js\" async><\/script>\n<!-- Calendly inline widget end -->\n\n\n\n<hr class=\"wp-block-separator has-alpha-channel-opacity\"\/>\n\n\n\n<p><strong>Ces articles peuvent \u00e9galement vous int\u00e9resser : <\/strong><\/p>\n\n\n\n<p>La proc\u00e9dure de divorce : <a href=\"https:\/\/glc-avocat.fr\/index.php\/2025\/09\/12\/procedure-divorce-contentieux\/\">https:\/\/glc-avocat.fr\/index.php\/2025\/09\/12\/procedure-divorce-contentieux\/<\/a><\/p>\n\n\n\n<p>-Le divorce pour acceptation du principe de la rupture : <a href=\"https:\/\/glc-avocat.fr\/index.php\/2025\/09\/15\/le-divorce-pour-acceptation-du-principe-de-la-rupture\/\">https:\/\/glc-avocat.fr\/index.php\/2025\/09\/15\/le-divorce-pour-acceptation-du-principe-de-la-rupture\/<\/a><\/p>\n\n\n\n<p>-La pension alimentaire : <a href=\"https:\/\/glc-avocat.fr\/index.php\/2025\/09\/15\/pension-alimentaire\/\">https:\/\/glc-avocat.fr\/index.php\/2025\/09\/15\/pension-alimentaire\/<\/a><\/p>\n\n\n\n<p>-La r\u00e9sidence des enfants : <a href=\"https:\/\/glc-avocat.fr\/index.php\/2025\/11\/29\/quels-criteres-sont-pris-en-compte-par-le-juge-pour-fixer-la-residence-habituelle-des-enfants\/\">https:\/\/glc-avocat.fr\/index.php\/2025\/11\/29\/quels-criteres-sont-pris-en-compte-par-le-juge-pour-fixer-la-residence-habituelle-des-enfants\/<\/a><\/p>\n\n\n\n<p>Sources principales : <a href=\"https:\/\/www.legifrance.gouv.fr\/codes\/texte_lc\/LEGITEXT000006070721\/2025-08-10\/\" data-type=\"link\" data-id=\"https:\/\/www.legifrance.gouv.fr\/codes\/texte_lc\/LEGITEXT000006070721\/2025-08-10\/\" target=\"_blank\" rel=\"noopener\">https:\/\/www.legifrance.gouv.fr\/codes\/texte_lc\/LEGITEXT000006070721\/2025-08-10\/<\/a><\/p>\n","protected":false},"excerpt":{"rendered":"<p>Le divorce pour alt\u00e9ration d\u00e9finitive du lien conjugal : ce qu&rsquo;il faut savoir Avocate au Barreau de Nantes intervenant en droit de la famille, Ma\u00eetre COULIBALY vous explique ses conditions et cons\u00e9quences. Qu&rsquo;est-ce que l&rsquo;alt\u00e9ration d\u00e9finitive du lien conjugal ? Ce fondement de divorce repose sur une id\u00e9e simple : lorsque le mariage est rompu [&hellip;]<\/p>\n","protected":false},"author":1,"featured_media":0,"comment_status":"closed","ping_status":"open","sticky":false,"template":"","format":"standard","meta":{"footnotes":""},"categories":[25],"tags":[26],"class_list":["post-183","post","type-post","status-publish","format-standard","hentry","category-famille","tag-avocat-droit-de-la-famille-nantes-divorce-divorce-pour-alteration-definitive-du-lien-conjugal"],"_links":{"self":[{"href":"https:\/\/glc-avocat.fr\/index.php\/wp-json\/wp\/v2\/posts\/183","targetHints":{"allow":["GET"]}}],"collection":[{"href":"https:\/\/glc-avocat.fr\/index.php\/wp-json\/wp\/v2\/posts"}],"about":[{"href":"https:\/\/glc-avocat.fr\/index.php\/wp-json\/wp\/v2\/types\/post"}],"author":[{"embeddable":true,"href":"https:\/\/glc-avocat.fr\/index.php\/wp-json\/wp\/v2\/users\/1"}],"replies":[{"embeddable":true,"href":"https:\/\/glc-avocat.fr\/index.php\/wp-json\/wp\/v2\/comments?post=183"}],"version-history":[{"count":18,"href":"https:\/\/glc-avocat.fr\/index.php\/wp-json\/wp\/v2\/posts\/183\/revisions"}],"predecessor-version":[{"id":446,"href":"https:\/\/glc-avocat.fr\/index.php\/wp-json\/wp\/v2\/posts\/183\/revisions\/446"}],"wp:attachment":[{"href":"https:\/\/glc-avocat.fr\/index.php\/wp-json\/wp\/v2\/media?parent=183"}],"wp:term":[{"taxonomy":"category","embeddable":true,"href":"https:\/\/glc-avocat.fr\/index.php\/wp-json\/wp\/v2\/categories?post=183"},{"taxonomy":"post_tag","embeddable":true,"href":"https:\/\/glc-avocat.fr\/index.php\/wp-json\/wp\/v2\/tags?post=183"}],"curies":[{"name":"wp","href":"https:\/\/api.w.org\/{rel}","templated":true}]}}