{"id":380,"date":"2026-03-11T14:51:54","date_gmt":"2026-03-11T14:51:54","guid":{"rendered":"https:\/\/glc-avocat.fr\/?p=380"},"modified":"2026-03-11T14:53:34","modified_gmt":"2026-03-11T14:53:34","slug":"audience-assistance-educative-nantes","status":"publish","type":"post","link":"https:\/\/glc-avocat.fr\/index.php\/2026\/03\/11\/audience-assistance-educative-nantes\/","title":{"rendered":"Je suis convoqu\u00e9 devant le juge des enfants de Nantes pour une assistance \u00e9ducative : comment m&rsquo;y pr\u00e9parer ?"},"content":{"rendered":"\n<h1 class=\"wp-block-heading has-base-color has-text-color has-link-color wp-elements-e4c49e5da03a737117e986319a06f275\" style=\"font-size:40px\">Je suis convoqu\u00e9 devant le juge des enfants de Nantes pour une assistance \u00e9ducative : comment m&rsquo;y pr\u00e9parer ? <\/h1>\n\n\n\n<figure class=\"wp-block-image size-large\"><img fetchpriority=\"high\" decoding=\"async\" width=\"1024\" height=\"536\" src=\"https:\/\/glc-avocat.fr\/wp-content\/uploads\/2025\/10\/01f64bf0-9411-47ac-a5e5-26547d30a501_quoti-20230120-patrimoine-enfant-1024x536.jpg\" alt=\"Le r\u00f4le du juge des enfants en mati\u00e8re d'assistance \u00e9ducative\" class=\"wp-image-384\" srcset=\"https:\/\/glc-avocat.fr\/wp-content\/uploads\/2025\/10\/01f64bf0-9411-47ac-a5e5-26547d30a501_quoti-20230120-patrimoine-enfant-1024x536.jpg 1024w, https:\/\/glc-avocat.fr\/wp-content\/uploads\/2025\/10\/01f64bf0-9411-47ac-a5e5-26547d30a501_quoti-20230120-patrimoine-enfant-300x157.jpg 300w, https:\/\/glc-avocat.fr\/wp-content\/uploads\/2025\/10\/01f64bf0-9411-47ac-a5e5-26547d30a501_quoti-20230120-patrimoine-enfant-768x402.jpg 768w, https:\/\/glc-avocat.fr\/wp-content\/uploads\/2025\/10\/01f64bf0-9411-47ac-a5e5-26547d30a501_quoti-20230120-patrimoine-enfant.jpg 1200w\" sizes=\"(max-width: 1024px) 100vw, 1024px\" \/><\/figure>\n\n\n\n<p style=\"font-size:19px\">Le juge des enfants peut, lorsqu\u2019il est saisi, prononcer une <strong>mesure d\u2019assistance \u00e9ducative en milieu ouvert (AEMO)<\/strong>.<\/p>\n\n\n\n<p style=\"font-size:19px\"><br>Avocate en <strong>droit de la famille<\/strong> et en <strong>droit des mineurs<\/strong>, Ma\u00eetre COULIBALY vous explique le champ d\u2019intervention de ce magistrat sp\u00e9cialis\u00e9 ainsi que les modalit\u00e9s d\u2019application de cette mesure de protection de l\u2019enfant.<\/p>\n\n\n\n<h2 class=\"wp-block-heading\" style=\"font-size:34px\"><mark style=\"background-color:rgba(0, 0, 0, 0)\" class=\"has-inline-color has-base-color\">I-  Le juge des enfants : comp\u00e9tences et modalit\u00e9s de saisine<\/mark><\/h2>\n\n\n\n<p style=\"font-size:19px\">Il est fr\u00e9quent de confondre le <strong>juge des enfants<\/strong> avec le <strong>juge aux affaires familiales<\/strong>. Pourtant, leurs missions diff\u00e8rent. Seul le juge des enfants peut ordonner une <strong>mesure d\u2019assistance \u00e9ducative en milieu ouvert<\/strong>.<\/p>\n\n\n\n<p style=\"font-size:19px\">Selon l\u2019article 375 du Code civil, le juge des enfants est celui de l\u2019<strong>enfance en danger<\/strong>. Sa saisine repose sur l\u2019existence d\u2019une situation grave ou urgente : menace pour la sant\u00e9, la s\u00e9curit\u00e9 ou la moralit\u00e9 de l\u2019enfant, ou encore compromission de son \u00e9ducation ou de son d\u00e9veloppement (physique, affectif, intellectuel ou social).<\/p>\n\n\n\n<p style=\"font-size:19px\"><em>Qui peut saisir le juge des enfants ? <\/em><\/p>\n\n\n\n<p style=\"font-size:19px\">Le juge des enfants peut \u00eatre saisi :<\/p>\n\n\n\n<figure style=\"font-size:19px\" class=\"wp-block-table\"><table class=\"has-fixed-layout\"><tbody><tr><td>Par l&rsquo;enfant lui-m\u00eame ; <br>Par ses parents ou l&rsquo;un d&rsquo;eux ; <br>Par les services sociaux ; <br>En cas d&rsquo;extr\u00eame urgence, il peut \u00e9galement se saisir d&rsquo;office. <\/td><\/tr><\/tbody><\/table><\/figure>\n\n\n\n<p style=\"font-size:19px\">Une fois saisi, le juge peut d\u00e9cider de diff\u00e9rentes mesures : <strong>mesure judiciaire d\u2019investigation \u00e9ducative<\/strong>, <strong>assistance \u00e9ducative en milieu ouvert<\/strong>, ou encore <strong>placement de l\u2019enfant<\/strong>.<\/p>\n\n\n\n<h2 class=\"wp-block-heading has-base-color has-text-color has-link-color wp-elements-b84d5ec7b1ee7be1b25d8dc2d626274c\" style=\"font-size:34px\">II- L\u2019assistance \u00e9ducative  : d\u00e9finition et fonctionnement<\/h2>\n\n\n\n<p style=\"font-size:19px\">Lorsque la situation de l\u2019enfant ne justifie pas un placement, le juge privil\u00e9gie le maintien de l\u2019enfant dans son environnement familial, qui constitue un rep\u00e8re essentiel.<\/p>\n\n\n\n<p style=\"font-size:19px\">L\u2019<strong>assistance \u00e9ducative en milieu ouvert<\/strong> vise \u00e0 accompagner les parents gr\u00e2ce \u00e0 l\u2019intervention de professionnels de la protection de l\u2019enfance. L\u2019objectif est de les aider \u00e0 mieux comprendre les besoins de leur enfant et \u00e0 y r\u00e9pondre de mani\u00e8re adapt\u00e9e.<\/p>\n\n\n\n<p class=\"has-base-color has-text-color has-link-color wp-elements-88e9f1b3eb8a5f1f8d206f1bd732086a\" style=\"font-size:19px\"><em>Quelle est la dur\u00e9e de la mesure ? <\/em><\/p>\n\n\n\n<p style=\"font-size:19px\">La mesure d\u2019AEMO est prononc\u00e9e pour une dur\u00e9e comprise entre <strong>six mois et deux ans<\/strong>.<\/p>\n\n\n\n<p style=\"font-size:19px\"><br>Les travailleurs sociaux en charge de son application r\u00e9digent un rapport remis au juge \u00e0 la fin de la p\u00e9riode fix\u00e9e. Ce dernier peut alors :<\/p>\n\n\n\n<figure style=\"font-size:19px\" class=\"wp-block-table\"><table class=\"has-fixed-layout\"><tbody><tr><td>Mettre fin \u00e0 la mesure ; <br>Renouveler la mesure par une d\u00e9cision motiv\u00e9e<\/td><\/tr><\/tbody><\/table><\/figure>\n\n\n\n<hr class=\"wp-block-separator has-alpha-channel-opacity\"\/>\n\n\n\n<h2 class=\"wp-block-heading has-base-color has-text-color has-link-color wp-elements-af798a464ad073dbd50c72f2c3b51512\" style=\"font-size:34px\">Le r\u00f4le de l&rsquo;Avocat en mati\u00e8re d&rsquo;assistance \u00e9ducative en milieu ouvert<\/h2>\n\n\n\n<p>L&rsquo;avocat est un professionnel du droit. Il est donc en mesure d&rsquo;assurer la pr\u00e9servation de vos int\u00e9r\u00eats.<\/p>\n\n\n\n<p id=\"i4poq7586\"><strong>Ma\u00eetre COULIBALY, Avocate au Barreau de Nantes intervenant en droit de la famille<\/strong> <strong>et droit des mineurs<\/strong>, vous propose un accompagnement bas\u00e9 sur<strong> l&rsquo;\u00e9coute et la bienveillance,<\/strong> mais \u00e9galement une analyse juridique pr\u00e9cise et une <strong>r\u00e9activit\u00e9 \u00e0 chaque \u00e9tape de la proc\u00e9dure.<\/strong><\/p>\n\n\n\n<p>Afin de faire le point sur votre situation et b\u00e9n\u00e9ficier d&rsquo;une orientation dans le cadre de proc\u00e9dures en cours ou envisag\u00e9es, il vous est vivement conseill\u00e9 de r\u00e9server une consultation en cliquant ici : <\/p>\n\n\n\n<p>Pour consulter les autres articles du Cabinet : <a href=\"https:\/\/glc-avocat.fr\/index.php\/blog-la-minute-juridique\/\" data-type=\"link\" data-id=\"https:\/\/glc-avocat.fr\/index.php\/blog-la-minute-juridique\/\">https:\/\/glc-avocat.fr\/index.php\/blog-la-minute-juridique\/<\/a><\/p>\n\n\n\n<p>Notre dernier article <\/p>\n\n\n\n<figure class=\"wp-block-embed is-type-wp-embed is-provider-gbema-le-la-coulibaly wp-block-embed-gbema-le-la-coulibaly\"><div class=\"wp-block-embed__wrapper\">\n<blockquote class=\"wp-embedded-content\" data-secret=\"nzrJJUTu2W\"><a href=\"https:\/\/glc-avocat.fr\/index.php\/2026\/03\/11\/audience-culpabilite-mineur-tribunal-pour-enfants-nantes\/\">Mon enfant est convoqu\u00e9 devant le Tribunal pour enfants de Nantes pour une audience de culpabilit\u00e9 : que faire ?<\/a><\/blockquote><iframe class=\"wp-embedded-content\" sandbox=\"allow-scripts\" security=\"restricted\" style=\"position: absolute; visibility: hidden;\" title=\"\u00ab\u00a0Mon enfant est convoqu\u00e9 devant le Tribunal pour enfants de Nantes pour une audience de culpabilit\u00e9 : que faire ?\u00a0\u00bb &#8212; Gbema Le\u00efla COULIBALY\" src=\"https:\/\/glc-avocat.fr\/index.php\/2026\/03\/11\/audience-culpabilite-mineur-tribunal-pour-enfants-nantes\/embed\/#?secret=u9ZbrWTj2A#?secret=nzrJJUTu2W\" data-secret=\"nzrJJUTu2W\" width=\"500\" height=\"282\" frameborder=\"0\" marginwidth=\"0\" marginheight=\"0\" scrolling=\"no\"><\/iframe>\n<\/div><\/figure>\n","protected":false},"excerpt":{"rendered":"<p>Je suis convoqu\u00e9 devant le juge des enfants de Nantes pour une assistance \u00e9ducative : comment m&rsquo;y pr\u00e9parer ? Le juge des enfants peut, lorsqu\u2019il est saisi, prononcer une mesure d\u2019assistance \u00e9ducative en milieu ouvert (AEMO). Avocate en droit de la famille et en droit des mineurs, Ma\u00eetre COULIBALY vous explique le champ d\u2019intervention de [&hellip;]<\/p>\n","protected":false},"author":1,"featured_media":0,"comment_status":"closed","ping_status":"closed","sticky":false,"template":"","format":"standard","meta":{"footnotes":""},"categories":[36],"tags":[55,62,63,56,57],"class_list":["post-380","post","type-post","status-publish","format-standard","hentry","category-mineurs","tag-assistance-educative","tag-avocat-mineur","tag-avocat-mineur-nantes","tag-juge-des-enfants","tag-nantes"],"_links":{"self":[{"href":"https:\/\/glc-avocat.fr\/index.php\/wp-json\/wp\/v2\/posts\/380","targetHints":{"allow":["GET"]}}],"collection":[{"href":"https:\/\/glc-avocat.fr\/index.php\/wp-json\/wp\/v2\/posts"}],"about":[{"href":"https:\/\/glc-avocat.fr\/index.php\/wp-json\/wp\/v2\/types\/post"}],"author":[{"embeddable":true,"href":"https:\/\/glc-avocat.fr\/index.php\/wp-json\/wp\/v2\/users\/1"}],"replies":[{"embeddable":true,"href":"https:\/\/glc-avocat.fr\/index.php\/wp-json\/wp\/v2\/comments?post=380"}],"version-history":[{"count":6,"href":"https:\/\/glc-avocat.fr\/index.php\/wp-json\/wp\/v2\/posts\/380\/revisions"}],"predecessor-version":[{"id":561,"href":"https:\/\/glc-avocat.fr\/index.php\/wp-json\/wp\/v2\/posts\/380\/revisions\/561"}],"wp:attachment":[{"href":"https:\/\/glc-avocat.fr\/index.php\/wp-json\/wp\/v2\/media?parent=380"}],"wp:term":[{"taxonomy":"category","embeddable":true,"href":"https:\/\/glc-avocat.fr\/index.php\/wp-json\/wp\/v2\/categories?post=380"},{"taxonomy":"post_tag","embeddable":true,"href":"https:\/\/glc-avocat.fr\/index.php\/wp-json\/wp\/v2\/tags?post=380"}],"curies":[{"name":"wp","href":"https:\/\/api.w.org\/{rel}","templated":true}]}}