{"id":554,"date":"2026-03-11T14:47:20","date_gmt":"2026-03-11T14:47:20","guid":{"rendered":"https:\/\/glc-avocat.fr\/?p=554"},"modified":"2026-03-11T14:55:21","modified_gmt":"2026-03-11T14:55:21","slug":"audience-culpabilite-mineur-tribunal-pour-enfants-nantes","status":"publish","type":"post","link":"https:\/\/glc-avocat.fr\/index.php\/2026\/03\/11\/audience-culpabilite-mineur-tribunal-pour-enfants-nantes\/","title":{"rendered":"Mon enfant est convoqu\u00e9 devant le Tribunal pour enfants de Nantes pour une audience de culpabilit\u00e9 : que faire ?"},"content":{"rendered":"\n<h1 class=\"wp-block-heading has-base-color has-text-color has-link-color wp-elements-7842929e1b5fc47594cf9d617a906771\" style=\"font-size:30px\">Mon enfant est convoqu\u00e9 devant le Tribunal pour enfants de Nantes pour une audience de culpabilit\u00e9 : que faire ?<\/h1>\n\n\n\n<figure class=\"wp-block-image size-full\"><img fetchpriority=\"high\" decoding=\"async\" width=\"863\" height=\"575\" src=\"https:\/\/glc-avocat.fr\/wp-content\/uploads\/2025\/09\/shutterstock_1933373774.jpg\" alt=\"Mon enfant est convoqu\u00e9 devant le Tribunal pour enfants de Nantes pour une audience de culpabilit\u00e9 : que faire ?\" class=\"wp-image-348\" srcset=\"https:\/\/glc-avocat.fr\/wp-content\/uploads\/2025\/09\/shutterstock_1933373774.jpg 863w, https:\/\/glc-avocat.fr\/wp-content\/uploads\/2025\/09\/shutterstock_1933373774-300x200.jpg 300w, https:\/\/glc-avocat.fr\/wp-content\/uploads\/2025\/09\/shutterstock_1933373774-768x512.jpg 768w\" sizes=\"(max-width: 863px) 100vw, 863px\" \/><\/figure>\n\n\n\n<p>Depuis l\u2019entr\u00e9e en vigueur du Code de la justice p\u00e9nale des mineurs (CJPM), la proc\u00e9dure p\u00e9nale concernant un mineur se d\u00e9roule g\u00e9n\u00e9ralement en deux audiences distinctes devant le Juge des enfants :<\/p>\n\n\n\n<p><strong>1. L\u2019audience de culpabilit\u00e9<\/strong><\/p>\n\n\n\n<p><strong>2. L\u2019audience de sanction&nbsp;<\/strong>&nbsp;&nbsp;&nbsp;&nbsp;&nbsp;&nbsp;&nbsp;&nbsp;&nbsp;&nbsp;&nbsp;&nbsp;&nbsp;&nbsp;&nbsp;&nbsp;&nbsp;&nbsp;&nbsp;&nbsp;&nbsp;&nbsp;&nbsp;&nbsp;&nbsp;&nbsp;&nbsp;&nbsp;&nbsp;&nbsp;&nbsp;&nbsp;&nbsp;&nbsp;&nbsp;&nbsp;&nbsp;&nbsp;&nbsp;&nbsp;&nbsp;&nbsp;&nbsp;&nbsp;&nbsp;&nbsp;&nbsp;&nbsp;&nbsp;&nbsp;&nbsp;&nbsp;&nbsp;&nbsp;&nbsp;&nbsp;&nbsp;&nbsp;&nbsp;&nbsp;&nbsp;&nbsp;&nbsp;&nbsp;&nbsp;&nbsp;&nbsp;&nbsp;&nbsp;&nbsp;&nbsp;&nbsp;&nbsp;&nbsp;&nbsp;&nbsp;&nbsp;&nbsp;&nbsp;&nbsp;&nbsp;&nbsp;&nbsp;<\/p>\n\n\n\n<p>Ce syst\u00e8me vise \u00e0 mieux comprendre la situation du mineur avant de d\u00e9cider d\u2019une \u00e9ventuelle sanction.<\/p>\n\n\n\n<p>Pour les parents, recevoir une convocation peut \u00eatre extr\u00eamement stressant.<\/p>\n\n\n\n<p>Comprendre le r\u00f4le de chaque \u00e9tape et comment agir peut faire une diff\u00e9rence majeure dans l\u2019issue du dossier.<\/p>\n\n\n\n<h2 class=\"wp-block-heading has-base-color has-text-color has-link-color wp-elements-c995c2decf0ec6e441e98843a30dbc6f\" style=\"font-size:25px\">I- <strong>Premi\u00e8re \u00e9tape : l\u2019audience de culpabilit\u00e9<\/strong><\/h2>\n\n\n\n<p>L\u2019audience de culpabilit\u00e9 est la premi\u00e8re comparution du mineur devant le Juge des enfants.<\/p>\n\n\n\n<p>Son objectif est simple : d\u00e9terminer si le mineur est ou non responsable des faits qui lui sont reproch\u00e9s.<\/p>\n\n\n\n<p><strong>Lors de cette audience :<\/strong><\/p>\n\n\n\n<p>&#8211; Le juge examine les faits<\/p>\n\n\n\n<p>-Le mineur peut s\u2019exprimer<\/p>\n\n\n\n<p>-L\u2019avocat pr\u00e9sente la d\u00e9fense<\/p>\n\n\n\n<p>-Les victimes peuvent \u00eatre pr\u00e9sentes<\/p>\n\n\n\n<p>Si le mineur est reconnu coupable, le juge rend un jugement sur la culpabilit\u00e9. La peine n\u2019est g\u00e9n\u00e9ralement pas prononc\u00e9e imm\u00e9diatement.<\/p>\n\n\n\n<p>\u26a0\ufe0f Exception : dans certains cas, le juge peut d\u00e9cider d\u2019une audience unique et prononcer directement la sanction.<\/p>\n\n\n\n<h2 class=\"wp-block-heading has-base-color has-text-color has-link-color wp-elements-3d3f4330504f799ef96720a183a34e52\" style=\"font-size:25px\">II- <strong>Entre les deux audiences : la p\u00e9riode d\u00e9cisive<\/strong><\/h2>\n\n\n\n<p>Entre l\u2019audience de culpabilit\u00e9 et l\u2019audience de sanction s\u2019ouvre une phase essentielle&nbsp;:<strong> la mise \u00e0 l\u2019\u00e9preuve \u00e9ducative<\/strong><\/p>\n\n\n\n<p>Cette p\u00e9riode dure g\u00e9n\u00e9ralement entre 6 et 9 mois.<\/p>\n\n\n\n<h3 class=\"wp-block-heading has-base-color has-text-color has-link-color wp-elements-5b1cef6746454a9a2a409e05e4e22957\"> Les obligations du mineur pendant cette p\u00e9riode<\/h3>\n\n\n\n<p>Durant cette phase :<\/p>\n\n\n\n<p>-le mineur est plac\u00e9 sous mesure \u00e9ducative judiciaire provisoire<\/p>\n\n\n\n<p>-il est suivi par la Protection Judiciaire de la Jeunesse (PJJ)<\/p>\n\n\n\n<p>-des rendez-vous r\u00e9guliers sont organis\u00e9s<\/p>\n\n\n\n<p>-le comportement du mineur est observ\u00e9<\/p>\n\n\n\n<p>Le mineur peut devoir :<\/p>\n\n\n\n<p>-suivre sa scolarit\u00e9 s\u00e9rieusement<\/p>\n\n\n\n<p>-effectuer un stage<\/p>\n\n\n\n<p>-rencontrer un \u00e9ducateur<\/p>\n\n\n\n<p><strong>\ud83d\udccc<\/strong><strong> C\u2019est souvent pendant cette p\u00e9riode que se joue r\u00e9ellement l\u2019issue du dossier.<\/strong><\/p>\n\n\n\n<p>Un mineur qui :<\/p>\n\n\n\n<p>-respecte ses obligations<\/p>\n\n\n\n<p>-progresse \u00e0 l\u2019\u00e9cole<\/p>\n\n\n\n<p>-montre des efforts<\/p>\n\n\n\n<p>arrivera \u00e0 la seconde audience avec un rapport favorable de la PJJ, ce qui peut r\u00e9duire fortement la s\u00e9v\u00e9rit\u00e9 de la sanction.<\/p>\n\n\n\n<h2 class=\"wp-block-heading has-base-color has-text-color has-link-color wp-elements-17f1d15f4e2ff959b85eade64fafcb0d\" style=\"font-size:25px\">III- <strong>Seconde \u00e9tape : l\u2019audience de sanction<\/strong><\/h2>\n\n\n\n<p>Lors de cette audience, le juge examine :<\/p>\n\n\n\n<p>-Le comportement du mineur pendant la mise \u00e0 l\u2019\u00e9preuve<\/p>\n\n\n\n<p>-le rapport des \u00e9ducateurs de la PJJ<\/p>\n\n\n\n<p>-l\u2019\u00e9volution personnelle du mineur<\/p>\n\n\n\n<p>Le juge peut alors prononcer diff\u00e9rentes mesures, notamment \u00e9ducatives. <\/p>\n\n\n\n<h2 class=\"wp-block-heading has-base-color has-text-color has-link-color wp-elements-29421b9def0f5168af091434dc31b13c\" style=\"font-size:25px\">IV- <strong>Pourquoi l\u2019assistance d\u2019un avocat est essentielle tout au long de la proc\u00e9dure ?<\/strong><\/h2>\n\n\n\n<p>L\u2019erreur la plus fr\u00e9quente est de penser que tout se joue uniquement lors de l\u2019audience. En r\u00e9alit\u00e9, la strat\u00e9gie doit \u00eatre construite sur toute la dur\u00e9e de la proc\u00e9dure.<\/p>\n\n\n\n<p>Un avocat habitu\u00e9 \u00e0 la d\u00e9fense des mineurs permet de :<\/p>\n\n\n\n<p class=\"has-base-color has-text-color has-link-color wp-elements-61cc4934c51520e0f2498d9237abecda\"><strong>Pr\u00e9parer la d\u00e9fense d\u00e8s l\u2019audience de culpabilit<\/strong>\u00e9<\/p>\n\n\n\n<p><strong>Accompagner le mineur pendant la mise \u00e0 l\u2019\u00e9preuve<\/strong><\/p>\n\n\n\n<p><strong>Plaider la personnalit\u00e9 lors de l\u2019audience de sanction<\/strong><\/p>\n\n\n\n<p>Lorsqu\u2019un mineur est poursuivi devant le juge des enfants, chaque \u00e9tape de la proc\u00e9dure compte. Une d\u00e9fense pr\u00e9par\u00e9e d\u00e8s la premi\u00e8re audience peut :<\/p>\n\n\n\n<p>-\u00e9viter un casier judiciaire trop lourd<\/p>\n\n\n\n<p>-r\u00e9duire les risques de sanction<\/p>\n\n\n\n<p>-prot\u00e9ger l\u2019avenir du mineur<\/p>\n\n\n\n<h2 class=\"wp-block-heading has-base-color has-text-color has-link-color wp-elements-c8d13670a0a09429ebbbbf9fc6fc72da\" style=\"font-size:25px\">V- <strong>Mineur convoqu\u00e9 devant le tribunal pour enfants \u00e0 Nantes : que faire ?<\/strong><\/h2>\n\n\n\n<p>Si votre enfant est convoqu\u00e9 devant le tribunal pour enfants \u00e0 Nantes, il est fortement conseill\u00e9 de consulter un avocat d\u00e8s r\u00e9ception de la convocation.<\/p>\n\n\n\n<p>Il est important de :<\/p>\n\n\n\n<p>-analyser rapidement le dossier<\/p>\n\n\n\n<p>-pr\u00e9parer l\u2019audience de culpabilit\u00e9<\/p>\n\n\n\n<p>-organiser la mise \u00e0 l\u2019\u00e9preuve \u00e9ducative.<\/p>\n\n\n\n<p>Un premier \u00e9change permet d&rsquo;analyser la convocation, comprendre les risques et pr\u00e9parer la meilleure strat\u00e9gie de d\u00e9fense. <\/p>\n\n\n\n<hr class=\"wp-block-separator has-alpha-channel-opacity\"\/>\n\n\n\n<h2 class=\"wp-block-heading has-text-align-center has-base-color has-text-color has-link-color wp-elements-8f3c4609d03f0b6feff7fb0da58964fb\" style=\"font-size:25px\">Foire aux questions <\/h2>\n\n\n\n<p><strong>Mon enfant peut-il \u00eatre condamn\u00e9 d\u00e8s la premi\u00e8re audience ?<\/strong><\/p>\n\n\n\n<p>Oui, mais cela reste <strong>exceptionnel<\/strong>. La plupart du temps, le juge prononce d\u2019abord la culpabilit\u00e9 puis organise une <strong>audience de sanction plusieurs mois plus tard<\/strong>.<\/p>\n\n\n\n<p><strong>La pr\u00e9sence d\u2019un avocat est-elle obligatoire ?<\/strong><\/p>\n\n\n\n<p>Oui. En mati\u00e8re p\u00e9nale des mineurs, <strong>l\u2019assistance d\u2019un avocat est obligatoire<\/strong>.<\/p>\n\n\n\n<p><strong>Est-ce que les parents doivent \u00eatre pr\u00e9sents aux deux audiences ?<\/strong><\/p>\n\n\n\n<p>Oui. En tant que repr\u00e9sentants l\u00e9gaux, votre pr\u00e9sence est obligatoire. Le Juge des Enfants accorde une grande importance \u00e0 l&rsquo;implication des parents.<\/p>\n\n\n\n<p><strong>Est-ce possible de pr\u00e9tendre \u00e0 l&rsquo;aide juridictionnelle ? <\/strong><\/p>\n\n\n\n<p>Oui. <\/p>\n\n\n\n<hr class=\"wp-block-separator has-alpha-channel-opacity\"\/>\n\n\n\n<p>Ces articles pourraient vous int\u00e9resser : <\/p>\n\n\n\n<p><a href=\"https:\/\/glc-avocat.fr\/index.php\/2025\/11\/29\/quels-criteres-sont-pris-en-compte-par-le-juge-pour-fixer-la-residence-habituelle-des-enfants\/\">Quels crit\u00e8res sont pris en compte par le juge pour fixer la r\u00e9sidence habituelle des enfants ?<\/a><\/p>\n\n\n\n<p><a href=\"https:\/\/glc-avocat.fr\/index.php\/2025\/12\/04\/autorite-parentale-conjointe-et-exclusive-quelle-difference\/\">Autorit\u00e9 parentale conjointe et exclusive : quelle diff\u00e9rence ?<\/a><\/p>\n\n\n\n<p>Sources : <\/p>\n\n\n\n<p><a href=\"https:\/\/www.legifrance.gouv.fr\/\" data-type=\"link\" data-id=\"https:\/\/www.legifrance.gouv.fr\/\" target=\"_blank\" rel=\"noopener\">https:\/\/www.legifrance.gouv.fr\/<\/a><\/p>\n\n\n\n<p>Prendre rendez-vous <\/p>\n\n\n\n<figure class=\"wp-block-embed is-type-wp-embed is-provider-gbema-le-la-coulibaly wp-block-embed-gbema-le-la-coulibaly\"><div class=\"wp-block-embed__wrapper\">\n<blockquote class=\"wp-embedded-content\" data-secret=\"RyMpemd61X\"><a href=\"https:\/\/glc-avocat.fr\/index.php\/reserver-une-consultation\/\">R\u00e9server une consultation<\/a><\/blockquote><iframe class=\"wp-embedded-content\" sandbox=\"allow-scripts\" security=\"restricted\" style=\"position: absolute; visibility: hidden;\" title=\"\u00ab\u00a0R\u00e9server une consultation\u00a0\u00bb &#8212; Gbema Le\u00efla COULIBALY\" src=\"https:\/\/glc-avocat.fr\/index.php\/reserver-une-consultation\/embed\/#?secret=xEcYVOhTm9#?secret=RyMpemd61X\" data-secret=\"RyMpemd61X\" width=\"500\" height=\"282\" frameborder=\"0\" marginwidth=\"0\" marginheight=\"0\" scrolling=\"no\"><\/iframe>\n<\/div><\/figure>\n","protected":false},"excerpt":{"rendered":"<p>Mon enfant est convoqu\u00e9 devant le Tribunal pour enfants de Nantes pour une audience de culpabilit\u00e9 : que faire ? Depuis l\u2019entr\u00e9e en vigueur du Code de la justice p\u00e9nale des mineurs (CJPM), la proc\u00e9dure p\u00e9nale concernant un mineur se d\u00e9roule g\u00e9n\u00e9ralement en deux audiences distinctes devant le Juge des enfants : 1. L\u2019audience de [&hellip;]<\/p>\n","protected":false},"author":1,"featured_media":0,"comment_status":"closed","ping_status":"closed","sticky":false,"template":"","format":"standard","meta":{"footnotes":""},"categories":[36],"tags":[60,61,62,63,59,58],"class_list":["post-554","post","type-post","status-publish","format-standard","hentry","category-mineurs","tag-audience-de-culpabilite","tag-audience-de-sanction","tag-avocat-mineur","tag-avocat-mineur-nantes","tag-juge-des-enfants-nantes","tag-tribunal-pour-enfants-nantes"],"_links":{"self":[{"href":"https:\/\/glc-avocat.fr\/index.php\/wp-json\/wp\/v2\/posts\/554","targetHints":{"allow":["GET"]}}],"collection":[{"href":"https:\/\/glc-avocat.fr\/index.php\/wp-json\/wp\/v2\/posts"}],"about":[{"href":"https:\/\/glc-avocat.fr\/index.php\/wp-json\/wp\/v2\/types\/post"}],"author":[{"embeddable":true,"href":"https:\/\/glc-avocat.fr\/index.php\/wp-json\/wp\/v2\/users\/1"}],"replies":[{"embeddable":true,"href":"https:\/\/glc-avocat.fr\/index.php\/wp-json\/wp\/v2\/comments?post=554"}],"version-history":[{"count":4,"href":"https:\/\/glc-avocat.fr\/index.php\/wp-json\/wp\/v2\/posts\/554\/revisions"}],"predecessor-version":[{"id":559,"href":"https:\/\/glc-avocat.fr\/index.php\/wp-json\/wp\/v2\/posts\/554\/revisions\/559"}],"wp:attachment":[{"href":"https:\/\/glc-avocat.fr\/index.php\/wp-json\/wp\/v2\/media?parent=554"}],"wp:term":[{"taxonomy":"category","embeddable":true,"href":"https:\/\/glc-avocat.fr\/index.php\/wp-json\/wp\/v2\/categories?post=554"},{"taxonomy":"post_tag","embeddable":true,"href":"https:\/\/glc-avocat.fr\/index.php\/wp-json\/wp\/v2\/tags?post=554"}],"curies":[{"name":"wp","href":"https:\/\/api.w.org\/{rel}","templated":true}]}}